{"id":1459,"date":"2020-05-22T06:00:00","date_gmt":"2020-05-22T04:00:00","guid":{"rendered":"https:\/\/backenmitminis.de\/?p=1459"},"modified":"2025-01-29T22:41:47","modified_gmt":"2025-01-29T21:41:47","slug":"spanischer-mandelkuchen-zum-vatertag","status":"publish","type":"post","link":"https:\/\/backenmitminis.de\/en\/2020\/05\/22\/spanischer-mandelkuchen-zum-vatertag\/","title":{"rendered":"Spanish almond cake for Father's Day"},"content":{"rendered":"<p>*This posting contains advertising<\/p>\n\n\n\n<p>Ein Spanischer Mandelkuchen mit Zitrone ist genau das richtige Vatertagsgeschenk f\u00fcr unseren Spanier &#8211; ein schnelles &amp; einfaches Rezept zum Backen mit Kindern.<\/p>\n\n\n\n<p>Zum Vatertag haben unsere Minis ihrem Papa etwas ganz besonderes geschenkt: eine <em>Tarta de Santiago<\/em>! Ein Geschenk mit vielen Erinnerungen an die Heimat! <a href=\"https:\/\/backenmitminis.de\/en\/tag\/spanische-koestlichkeiten\/\" class=\"rank-math-link\">Bekanntlich werden ja viele Erinnerungen und Emotionen mit Ger\u00fcchen und Geschm\u00e4ckern verbunden &#8211; ein sehr sch\u00f6ner Grund, um immer wieder auch spanische Rezepte in unseren Alltag einflie\u00dfen zu lassen, finde ich<\/a>. Der spanische Mandelkuchen wurde extra zu Ehren unseres Spaniers ein kleines Bi\u00dfchen von meinen Minis abgewandelt. Aber dazu sp\u00e4ter mehr \ud83d\ude09 <\/p>\n\n\n\n<p>Bekannt ist dieser spanische Mandelkuchen wohl durch den Jakobsweg geworden und all die Pilgerer, die aus der Pilgerstadt Santiago de Compostela diesen schmackhaften Kuchen als kulinarisches Souvenir mit nach Hause brachten. Da die <em>Tarta de Santiago<\/em> den Namen des Schutzpatrons von ganz Spanien tr\u00e4gt, ist sie somit doch hervorragend als Geschenk zum Vatertag geeignet \ud83d\ude09 <\/p>\n\n\n\n<p>Der Mandelkuchen mit Zitrone ist f\u00fcr mich ein klassisches Rezept aus Spanien. Aus diesem Grund verwenden wir heute auch das originale Rezept f\u00fcr den spanischen Mandelkuchen. Das Rezept habe ich aus meinem liebsten spanischen Kochbuch <a href=\"https:\/\/www.amazon.de\/gp\/product\/3833110503\/ref=as_li_tl?ie=UTF8&amp;tag=backenmitmini-21&amp;camp=1638&amp;creative=6742&amp;linkCode=as2&amp;creativeASIN=3833110503&amp;linkId=5495dcb1e4238e90d18c0d877640ee56\" class=\"rank-math-link\" target=\"_blank\" rel=\"noopener\"><em>Culinaria Espa<em>\u00f1a<\/em> &#8211; Spanische Spezialit\u00e4ten<\/em>* <\/a> &#8211; das nicht nur tolle Rezepte aus Spanien bietet, sondern dazu noch viele Information \u00fcber Land &amp; Leute von Nord bis S\u00fcd und West bis Ost &#8211; und lediglich ein wenig nach unseren Vorlieben angepasst (im Wesentlichen: Dinkelmehl, weniger Zucker &amp; mehr Zitrone). Es ist ein sehr einfaches Rezept, dass sich mit wenigen und simplen Handgriffen perfekt f\u00fcr das Backen mit Kindern eignet.<\/p>\n\n\n\n<p>Eine weitere Anpassung, die meine Minis und ich anl\u00e4sslich des Vatertags vorgenommen haben und die erheblich von einer originalen <em>Tarta de Santiago<\/em> abweicht, ist die Dekoration. Das spanische Original wird mithilfe einer Metallschablone in Form eines Jakobskreuzes dekoriert. Meine Minis fanden dies f\u00fcr den Vatertag allerdings gar nicht angemessen und haben sich f\u00fcr eine Herzschablone f\u00fcr Papas Kuchen entschieden!<\/p>\n\n\n\n<h2 class=\"wp-block-heading\">Rezept f\u00fcr unseren Spanischen Mandelkuchen mit Zitrone<\/h2>\n\n\n\n<figure class=\"wp-block-image size-large\"><img loading=\"lazy\" decoding=\"async\" width=\"768\" height=\"1024\" src=\"https:\/\/backenmitminis.de\/wp-content\/uploads\/2020\/05\/Spanischer-Mandelkuchen-mit-Zitrone-Tarta-de-Santiago-Backen-mit-Kindern-20-768x1024.jpg\" alt=\"Ein spanische Mandelkuchen im Anschnitt\" class=\"wp-image-1511\" srcset=\"https:\/\/backenmitminis.de\/wp-content\/uploads\/2020\/05\/Spanischer-Mandelkuchen-mit-Zitrone-Tarta-de-Santiago-Backen-mit-Kindern-20-768x1024.jpg 768w, https:\/\/backenmitminis.de\/wp-content\/uploads\/2020\/05\/Spanischer-Mandelkuchen-mit-Zitrone-Tarta-de-Santiago-Backen-mit-Kindern-20-scaled-600x800.jpg 600w, https:\/\/backenmitminis.de\/wp-content\/uploads\/2020\/05\/Spanischer-Mandelkuchen-mit-Zitrone-Tarta-de-Santiago-Backen-mit-Kindern-20-225x300.jpg 225w, https:\/\/backenmitminis.de\/wp-content\/uploads\/2020\/05\/Spanischer-Mandelkuchen-mit-Zitrone-Tarta-de-Santiago-Backen-mit-Kindern-20-1152x1536.jpg 1152w, https:\/\/backenmitminis.de\/wp-content\/uploads\/2020\/05\/Spanischer-Mandelkuchen-mit-Zitrone-Tarta-de-Santiago-Backen-mit-Kindern-20-1536x2048.jpg 1536w, https:\/\/backenmitminis.de\/wp-content\/uploads\/2020\/05\/Spanischer-Mandelkuchen-mit-Zitrone-Tarta-de-Santiago-Backen-mit-Kindern-20-45x60.jpg 45w, https:\/\/backenmitminis.de\/wp-content\/uploads\/2020\/05\/Spanischer-Mandelkuchen-mit-Zitrone-Tarta-de-Santiago-Backen-mit-Kindern-20-scaled.jpg 1920w\" sizes=\"auto, (max-width: 768px) 100vw, 768px\" \/><figcaption class=\"wp-element-caption\">Ein St\u00fcck Spanischer Mandelkuchen zum Vatertag<\/figcaption><\/figure>\n\n\n\n<p>Dieser k\u00f6stliche Mandelkuchen ist unser Geschenk f\u00fcr den Vatertag f\u00fcr den Vater der Minis &#8211; <a href=\"https:\/\/backenmitminis.de\/en\/2020\/03\/06\/backen-mit-kindern-foerdert-kinder\/\" class=\"rank-math-link\">muss ich also noch erw\u00e4hnen, dass er gut f\u00fcr das Backen mit Kindern geeignet ist?<\/a> Wie du dir denken kannst, haben sie es sich nicht nehmen lassen, selbst f\u00fcr ihren Papa zu backen \ud83d\ude09 <\/p>\n\n\n\n<p>Meine Minis haben die Zutaten f\u00fcr den M\u00fcrbeteig zusammengesucht, gut verknetet und anschlie\u00dfend in die Form gedr\u00fcckt. Auch die Mandelmasse haben sie nachdem sie diese gut mit dem Handmixer und meiner Hilfe verr\u00fchrten, auf dem M\u00fcrbeteig verteilt. <\/p>\n\n\n\n<h3 class=\"wp-block-heading\">Ingredients <\/h3>\n\n\n\n<p><strong>Shortcrust pastry<\/strong><\/p>\n\n\n\n<ul class=\"wp-block-list\">\n<li>200 g (spelled) flour<\/li>\n\n\n\n<li>60 g feinen Zucker<\/li>\n\n\n\n<li>100 g Butter oder Margarine<\/li>\n\n\n\n<li>1 egg<\/li>\n<\/ul>\n\n\n\n<p><strong>Mandelf\u00fcllung<\/strong><\/p>\n\n\n\n<ul class=\"wp-block-list\">\n<li>4 eggs<\/li>\n\n\n\n<li>175 g braunen Zucker<\/li>\n\n\n\n<li>250 g gemahlene Mandeln<\/li>\n\n\n\n<li>1 Prise Zimt<\/li>\n\n\n\n<li>Schale einer Bio-Zitrone (da ich leider keine unbehandelte Zitrone zur Hand hatte, habe ich <a class=\"rank-math-link\" href=\"https:\/\/www.amazon.de\/gp\/product\/B0847KJZ8P\/ref=as_li_tl?ie=UTF8&amp;tag=backenmitmini-21&amp;camp=1638&amp;creative=6742&amp;linkCode=as2&amp;creativeASIN=B0847KJZ8P&amp;linkId=33d3af3483cafead155ef1c1fc29c42a\" target=\"_blank\" rel=\"noopener\">Bio Zitronenabrieb aus dem P\u00e4ckchen*<\/a> genommen, den wir immer wieder gerne nehmen, da es fast so nat\u00fcrlich schmeckt, wie die Zitronen aus dem Garten unserer Abuela &#8211;  aber auch nur fast! \ud83d\ude09<\/li>\n<\/ul>\n\n\n\n<p><strong>Decoration<\/strong><\/p>\n\n\n\n<ul class=\"wp-block-list\">\n<li>powdered sugar<\/li>\n<\/ul>\n\n\n\n<p><strong>Baking accessories<\/strong><\/p>\n\n\n\n<p>Waage, R\u00fchrsch\u00fcssel, Handmixer, Teigschaber, <a href=\"https:\/\/www.amazon.de\/gp\/product\/B06W52P7BP\/ref=as_li_tl?ie=UTF8&amp;tag=backenmitmini-21&amp;camp=1638&amp;creative=6742&amp;linkCode=as2&amp;creativeASIN=B06W52P7BP&amp;linkId=abb5165749ee04007ac420f2697a63ff\" class=\"rank-math-link\" target=\"_blank\" rel=\"noopener\">Tarte-Backform*<\/a> (wir verwenden die konische Backform, eine ganz normale 26er- Springform geht aber auch), evtl. <a href=\"https:\/\/www.amazon.de\/gp\/product\/B019K4T9US\/ref=as_li_tl?ie=UTF8&amp;tag=backenmitmini-21&amp;camp=1638&amp;creative=6742&amp;linkCode=as2&amp;creativeASIN=B019K4T9US&amp;linkId=cdbdc92902ebf550c2a8f3ce08907e9d\" class=\"rank-math-link\" target=\"_blank\" rel=\"noopener\">Backblechroller*<\/a>, Abk\u00fchlgitter, Kuchenplatte, kleines Sieb, L\u00f6ffelchen, bei Bedarf eine Papierschablone zum Dekorieren der <em>Tarta de Santiago<\/em>.<\/p>\n\n\n\n<p><em>(*The links marked with an asterisk (*) are affiliate links. I can recommend suitable products that do not cost you more and I receive a small commission that helps me finance my blog. Thank you!)<\/em><\/p>\n\n\n\n<h3 class=\"wp-block-heading\">Preparation<\/h3>\n\n\n\n<p>Im ersten Schritt wird der M\u00fcrbeteig hergestellt, damit er im Nachgang noch etwas im K\u00fchlschrank ruhen kann. F\u00fcr den M\u00fcrbeteig knete ihr alle Zutaten zu einem glatten Teig zusammen. Das wird deinen Kindern bestimmt viel Spa\u00df machen. Nachdem sich die Zutaten gut verbunden haben, kann der M\u00fcrbeteig f\u00fcr ca. 30 Minuten im K\u00fchlschrank ruhen.<\/p>\n\n\n\n<p>W\u00e4hrend die Teigkugel im K\u00fchlschrank geht, werden die Eier und der Zucker in der R\u00fchrsch\u00fcssel schaumig geschlagen. Protionsweise k\u00f6nnen deine Minis nun nach und nach die gemahlenen Mandeln zu der Zucker-Ei-Masse geben. Zum Schluss wird die Mandelmasse noch mit der Zitronenschale und dem Zimt verfeinert. <\/p>\n\n\n\n<p>Nun d\u00fcrfen deine Minis die Backform einfetten (ich verwende hierf\u00fcr gern ein Backtrennspray), w\u00e4hrend du die gek\u00fchlte M\u00fcrbeteigkugel aus dem K\u00fchlschrank holst. Bevor ihr die Backform mit dem Teig auskleidet, heizt du den Backofen auf 180 Grad Ober-\/Unterhitze vor. F\u00fcr das Auskleiden der Backform ist es am einfachsten, wenn ihr den Teig mit euren Fingern und H\u00e4nden in die Backform dr\u00fcckt. Zum Schluss gehe ich meistens noch mit einem kleinen Backblechroller \u00fcber den Teig am Boden und am Rand, damit er etwas glatter wird &#8211; aber das ist kein Muss \ud83d\ude09<\/p>\n\n\n\n<figure class=\"wp-block-image size-large\"><img loading=\"lazy\" decoding=\"async\" width=\"1024\" height=\"768\" src=\"https:\/\/backenmitminis.de\/wp-content\/uploads\/2020\/05\/Spanischer-Mandelkuchen-mit-Zitrone-Tarta-de-Santiago-Backen-mit-Kindern-1024x768.jpg\" alt=\"Der M\u00fcrbeteig der Tarta de Santiago - spanischer Mandelkuchen - wird mit einem Blechroller gegl\u00e4ttet.\" class=\"wp-image-1515\" srcset=\"https:\/\/backenmitminis.de\/wp-content\/uploads\/2020\/05\/Spanischer-Mandelkuchen-mit-Zitrone-Tarta-de-Santiago-Backen-mit-Kindern-1024x768.jpg 1024w, https:\/\/backenmitminis.de\/wp-content\/uploads\/2020\/05\/Spanischer-Mandelkuchen-mit-Zitrone-Tarta-de-Santiago-Backen-mit-Kindern-scaled-600x450.jpg 600w, https:\/\/backenmitminis.de\/wp-content\/uploads\/2020\/05\/Spanischer-Mandelkuchen-mit-Zitrone-Tarta-de-Santiago-Backen-mit-Kindern-300x225.jpg 300w, https:\/\/backenmitminis.de\/wp-content\/uploads\/2020\/05\/Spanischer-Mandelkuchen-mit-Zitrone-Tarta-de-Santiago-Backen-mit-Kindern-768x576.jpg 768w, https:\/\/backenmitminis.de\/wp-content\/uploads\/2020\/05\/Spanischer-Mandelkuchen-mit-Zitrone-Tarta-de-Santiago-Backen-mit-Kindern-1536x1152.jpg 1536w, https:\/\/backenmitminis.de\/wp-content\/uploads\/2020\/05\/Spanischer-Mandelkuchen-mit-Zitrone-Tarta-de-Santiago-Backen-mit-Kindern-2048x1536.jpg 2048w, https:\/\/backenmitminis.de\/wp-content\/uploads\/2020\/05\/Spanischer-Mandelkuchen-mit-Zitrone-Tarta-de-Santiago-Backen-mit-Kindern-80x60.jpg 80w\" sizes=\"auto, (max-width: 1024px) 100vw, 1024px\" \/><figcaption class=\"wp-element-caption\">Die Backform wird mit dem M\u00fcrbeteig ausgekleidet.<\/figcaption><\/figure>\n\n\n\n<p>Wenn die Springform mit dem Teig ausgekleidet ist, wird die F\u00fcllung in der Backform verteilt und mit dem Kuchenschaber glatt gestrichen. Dann muss der spanische Mandelkuchen nur noch ca. 30 Minuten im Backofen backen. Achte darauf, dass die Tarta de Santiago nicht zu dunkel wird.<\/p>\n\n\n\n<figure class=\"wp-block-image size-large\"><img loading=\"lazy\" decoding=\"async\" width=\"1001\" height=\"1024\" src=\"https:\/\/backenmitminis.de\/wp-content\/uploads\/2020\/05\/Spanischer-Mandelkuchen-mit-Zitrone-Tarta-de-Santiago-Backen-mit-Kindern-4-e1590085890150-1001x1024.jpg\" alt=\"Die Mandelf\u00fcllung der Tarta de Santiago wird auf dem M\u00fcrbeteig verteilt\" class=\"wp-image-1495\" srcset=\"https:\/\/backenmitminis.de\/wp-content\/uploads\/2020\/05\/Spanischer-Mandelkuchen-mit-Zitrone-Tarta-de-Santiago-Backen-mit-Kindern-4-e1590085890150-1001x1024.jpg 1001w, https:\/\/backenmitminis.de\/wp-content\/uploads\/2020\/05\/Spanischer-Mandelkuchen-mit-Zitrone-Tarta-de-Santiago-Backen-mit-Kindern-4-e1590085890150-600x614.jpg 600w, https:\/\/backenmitminis.de\/wp-content\/uploads\/2020\/05\/Spanischer-Mandelkuchen-mit-Zitrone-Tarta-de-Santiago-Backen-mit-Kindern-4-e1590085890150-293x300.jpg 293w, https:\/\/backenmitminis.de\/wp-content\/uploads\/2020\/05\/Spanischer-Mandelkuchen-mit-Zitrone-Tarta-de-Santiago-Backen-mit-Kindern-4-e1590085890150-768x786.jpg 768w, https:\/\/backenmitminis.de\/wp-content\/uploads\/2020\/05\/Spanischer-Mandelkuchen-mit-Zitrone-Tarta-de-Santiago-Backen-mit-Kindern-4-e1590085890150-1501x1536.jpg 1501w, https:\/\/backenmitminis.de\/wp-content\/uploads\/2020\/05\/Spanischer-Mandelkuchen-mit-Zitrone-Tarta-de-Santiago-Backen-mit-Kindern-4-e1590085890150-2001x2048.jpg 2001w, https:\/\/backenmitminis.de\/wp-content\/uploads\/2020\/05\/Spanischer-Mandelkuchen-mit-Zitrone-Tarta-de-Santiago-Backen-mit-Kindern-4-e1590085890150-59x60.jpg 59w\" sizes=\"auto, (max-width: 1001px) 100vw, 1001px\" \/><\/figure>\n\n\n\n<p><strong>Mini tip:<\/strong> Du erkennst, dass der M\u00fcrbeteig durchgebacken ist, wenn er sich am Rand leicht von der Backform l\u00f6st.<\/p>\n\n\n\n<p>Nach dem Backen stellst du den Mandelkuchen in der Form auf das Abk\u00fchlgitter und l\u00e4sst ihn in der Backform erkalten. Anschlie\u00dfend nimmst du ihn vorsichtig aus der Form und setzt ihn auf eine Kuchenplatte. <\/p>\n\n\n\n<p>Dieser goldbraun gebackenen, spanische Mandelkuchen wird nun gro\u00dfz\u00fcgig von deinen Minis mit Puderzucker best\u00e4ubt. Daf\u00fcr gibst du Puderzucker in ein Sieb. Der Puderzucker wird, indem ihr mit einem L\u00f6ffel den Puderzucker durch das Sieb &#8222;r\u00fchrt&#8220;, auf der Tarta de Santiago verteilt. <\/p>\n\n\n\n<figure class=\"wp-block-image size-large\"><img loading=\"lazy\" decoding=\"async\" width=\"768\" height=\"1024\" src=\"https:\/\/backenmitminis.de\/wp-content\/uploads\/2020\/05\/Spanischer-Mandelkuchen-mit-Zitrone-Tarta-de-Santiago-Backen-mit-Kindern-2-768x1024.jpg\" alt=\"Der spanische Mandelkuchen wird mit einer Schablone und Puderzucker f\u00fcr dem Vatertag dekoriert\" class=\"wp-image-1493\" srcset=\"https:\/\/backenmitminis.de\/wp-content\/uploads\/2020\/05\/Spanischer-Mandelkuchen-mit-Zitrone-Tarta-de-Santiago-Backen-mit-Kindern-2-768x1024.jpg 768w, https:\/\/backenmitminis.de\/wp-content\/uploads\/2020\/05\/Spanischer-Mandelkuchen-mit-Zitrone-Tarta-de-Santiago-Backen-mit-Kindern-2-scaled-600x800.jpg 600w, https:\/\/backenmitminis.de\/wp-content\/uploads\/2020\/05\/Spanischer-Mandelkuchen-mit-Zitrone-Tarta-de-Santiago-Backen-mit-Kindern-2-225x300.jpg 225w, https:\/\/backenmitminis.de\/wp-content\/uploads\/2020\/05\/Spanischer-Mandelkuchen-mit-Zitrone-Tarta-de-Santiago-Backen-mit-Kindern-2-1152x1536.jpg 1152w, https:\/\/backenmitminis.de\/wp-content\/uploads\/2020\/05\/Spanischer-Mandelkuchen-mit-Zitrone-Tarta-de-Santiago-Backen-mit-Kindern-2-1536x2048.jpg 1536w, https:\/\/backenmitminis.de\/wp-content\/uploads\/2020\/05\/Spanischer-Mandelkuchen-mit-Zitrone-Tarta-de-Santiago-Backen-mit-Kindern-2-45x60.jpg 45w, https:\/\/backenmitminis.de\/wp-content\/uploads\/2020\/05\/Spanischer-Mandelkuchen-mit-Zitrone-Tarta-de-Santiago-Backen-mit-Kindern-2-scaled.jpg 1920w\" sizes=\"auto, (max-width: 768px) 100vw, 768px\" \/><figcaption class=\"wp-element-caption\">Die Minis dekorieren ihr Vatertagsgeschenk!<\/figcaption><\/figure>\n\n\n\n<p>Falls ihr auch Lust auf ein Muster oder eine Form in der Puderzucker-Dekoration habt, k\u00f6nnt ihr euch eine Schablone aus Papier schneiden und den Kuchen vor dem Best\u00e4uben mit dieser belegen. Ein traditioneller,  spanischer Mandelkuchen kann somit auch mit modernen Themen dekoriert werden;) Wir haben f\u00fcr den Vatertag ein Herz aus Papier ausgeschnitten und dies mittig auf die <em>Tarta de Santiago<\/em> gelegt. Nachdem die Oberfl\u00e4che des Kuchens mit Puderzucker best\u00e4ubt wurde, wird die Schablone vorsichtig vom Kuchen genommen und zur\u00fcck bleibt eine h\u00fcbsche und kinderleichte Kuchendekoration.<\/p>\n\n\n\n<p>Unser spanischer Mandelkuchen mit Zitrone ist jetzt fertig f\u00fcr seinen gro\u00dfen Auftritt am Vatertag. <\/p>\n\n\n\n<p>Auch wenn die <em>Tarta de Santiago<\/em> dieses Mal ohne das Jakobskreuz nicht ganz &#8222;stilecht&#8220; ist, sieht unser spanischer Mandelkuchen mit dem Herz f\u00fcr den Papa doch zum Anbei\u00dfen aus, oder? \ud83d\ude09<\/p>\n\n\n\n<p>Auch euch viel Spa\u00df beim Backen und Naschen!<\/p>\n\n\n\n<p><strong>Yours, Lia<\/strong><\/p>\n\n\n\n<p><a href=\"https:\/\/www.bloglovin.com\/blog\/20361335\/?claim=phszf373afc\" target=\"_blank\" rel=\"noopener\">Follow my blog with Bloglovin<\/a><\/p>\n\n\n\n<h2 class=\"has-text-color wp-block-heading\" style=\"color:#e879ea\">Have you baked the recipe?<\/h2>\n\n\n\n<p>How exciting! We're really happy about that! We are pleased that we were able to delight you with our recipe. Feel free to share your treat with us on Instagram using the hashtag #backenmitminis.<\/p>\n\n\n\n<h2 class=\"has-text-color wp-block-heading\" style=\"color:#e879ea\"><strong>BAKING NEWS \u2013 The most delicious thing right in your inbox?<\/strong><\/h2>\n\n\n\n<p>Sign up for our newsletter and be the first to hear about colorful recipe ideas, easy baking hacks and upcoming baking promotions!<\/p>\n\n\n\n<div class=\"wp-block-buttons is-layout-flex wp-block-buttons-is-layout-flex\">\n<div class=\"wp-block-button aligncenter is-style-fill\"><a class=\"wp-block-button__link has-background\" href=\"http:\/\/eepurl.com\/h5wP89\" style=\"background-color:#e879ea\" target=\"_blank\" rel=\"noopener\">Register now for BAKING NEWS!<\/a><\/div>\n<\/div>\n\n\n\n<p> <\/p>\n\n\n\n<figure class=\"wp-block-image size-large\"><img loading=\"lazy\" decoding=\"async\" width=\"768\" height=\"1024\" src=\"https:\/\/backenmitminis.de\/wp-content\/uploads\/2020\/05\/Spanischer-Mandelkuchen-mit-Zitrone-Tarta-de-Santiago-Backen-mit-Kindern-3-768x1024.jpg\" alt=\"Mit der Schablone wird die Kuchendekoration der Tarta de Santiago individuell angepasst.\" class=\"wp-image-1494\" srcset=\"https:\/\/backenmitminis.de\/wp-content\/uploads\/2020\/05\/Spanischer-Mandelkuchen-mit-Zitrone-Tarta-de-Santiago-Backen-mit-Kindern-3-768x1024.jpg 768w, https:\/\/backenmitminis.de\/wp-content\/uploads\/2020\/05\/Spanischer-Mandelkuchen-mit-Zitrone-Tarta-de-Santiago-Backen-mit-Kindern-3-scaled-600x800.jpg 600w, https:\/\/backenmitminis.de\/wp-content\/uploads\/2020\/05\/Spanischer-Mandelkuchen-mit-Zitrone-Tarta-de-Santiago-Backen-mit-Kindern-3-225x300.jpg 225w, https:\/\/backenmitminis.de\/wp-content\/uploads\/2020\/05\/Spanischer-Mandelkuchen-mit-Zitrone-Tarta-de-Santiago-Backen-mit-Kindern-3-1152x1536.jpg 1152w, https:\/\/backenmitminis.de\/wp-content\/uploads\/2020\/05\/Spanischer-Mandelkuchen-mit-Zitrone-Tarta-de-Santiago-Backen-mit-Kindern-3-1536x2048.jpg 1536w, https:\/\/backenmitminis.de\/wp-content\/uploads\/2020\/05\/Spanischer-Mandelkuchen-mit-Zitrone-Tarta-de-Santiago-Backen-mit-Kindern-3-45x60.jpg 45w, https:\/\/backenmitminis.de\/wp-content\/uploads\/2020\/05\/Spanischer-Mandelkuchen-mit-Zitrone-Tarta-de-Santiago-Backen-mit-Kindern-3-scaled.jpg 1920w\" sizes=\"auto, (max-width: 768px) 100vw, 768px\" \/><figcaption class=\"wp-element-caption\">Kuchendeko in the making!<\/figcaption><\/figure>\n\n\n\n<figure class=\"wp-block-image size-large\"><img loading=\"lazy\" decoding=\"async\" width=\"768\" height=\"1024\" src=\"https:\/\/backenmitminis.de\/wp-content\/uploads\/2020\/05\/Spanischer-Mandelkuchen-mit-Zitrone-Tarta-de-Santiago-Backen-mit-Kindern-14-768x1024.jpg\" alt=\"Ein St\u00fcck spanischer Mandelkuchen zum Vatertag\" class=\"wp-image-1505\" srcset=\"https:\/\/backenmitminis.de\/wp-content\/uploads\/2020\/05\/Spanischer-Mandelkuchen-mit-Zitrone-Tarta-de-Santiago-Backen-mit-Kindern-14-768x1024.jpg 768w, https:\/\/backenmitminis.de\/wp-content\/uploads\/2020\/05\/Spanischer-Mandelkuchen-mit-Zitrone-Tarta-de-Santiago-Backen-mit-Kindern-14-scaled-600x800.jpg 600w, https:\/\/backenmitminis.de\/wp-content\/uploads\/2020\/05\/Spanischer-Mandelkuchen-mit-Zitrone-Tarta-de-Santiago-Backen-mit-Kindern-14-225x300.jpg 225w, https:\/\/backenmitminis.de\/wp-content\/uploads\/2020\/05\/Spanischer-Mandelkuchen-mit-Zitrone-Tarta-de-Santiago-Backen-mit-Kindern-14-1152x1536.jpg 1152w, https:\/\/backenmitminis.de\/wp-content\/uploads\/2020\/05\/Spanischer-Mandelkuchen-mit-Zitrone-Tarta-de-Santiago-Backen-mit-Kindern-14-1536x2048.jpg 1536w, https:\/\/backenmitminis.de\/wp-content\/uploads\/2020\/05\/Spanischer-Mandelkuchen-mit-Zitrone-Tarta-de-Santiago-Backen-mit-Kindern-14-45x60.jpg 45w, https:\/\/backenmitminis.de\/wp-content\/uploads\/2020\/05\/Spanischer-Mandelkuchen-mit-Zitrone-Tarta-de-Santiago-Backen-mit-Kindern-14-scaled.jpg 1920w\" sizes=\"auto, (max-width: 768px) 100vw, 768px\" \/><figcaption class=\"wp-element-caption\">Alles Liebe zum Vatertag!<\/figcaption><\/figure>","protected":false},"excerpt":{"rendered":"<p>*Dieses Posting enth\u00e4lt Werbung Ein Spanischer Mandelkuchen mit Zitrone ist genau das richtige Vatertagsgeschenk f\u00fcr unseren Spanier &#8211; ein schnelles &amp; einfaches Rezept zum Backen mit Kindern. Zum Vatertag haben unsere Minis ihrem Papa etwas &hellip; <\/p>","protected":false},"author":1,"featured_media":1499,"comment_status":"open","ping_status":"open","sticky":false,"template":"","format":"standard","meta":{"wprm-recipe-roundup-name":"","wprm-recipe-roundup-description":"","footnotes":""},"categories":[21,17,24],"tags":[85,60],"class_list":["post-1459","post","type-post","status-publish","format-standard","has-post-thumbnail","hentry","category-kuchen-backen-rezepte","category-rezepte","category-schnelles-backen-rezepte","tag-muerbeteig","tag-spanische-koestlichkeiten"],"_links":{"self":[{"href":"https:\/\/backenmitminis.de\/en\/wp-json\/wp\/v2\/posts\/1459","targetHints":{"allow":["GET"]}}],"collection":[{"href":"https:\/\/backenmitminis.de\/en\/wp-json\/wp\/v2\/posts"}],"about":[{"href":"https:\/\/backenmitminis.de\/en\/wp-json\/wp\/v2\/types\/post"}],"author":[{"embeddable":true,"href":"https:\/\/backenmitminis.de\/en\/wp-json\/wp\/v2\/users\/1"}],"replies":[{"embeddable":true,"href":"https:\/\/backenmitminis.de\/en\/wp-json\/wp\/v2\/comments?post=1459"}],"version-history":[{"count":10,"href":"https:\/\/backenmitminis.de\/en\/wp-json\/wp\/v2\/posts\/1459\/revisions"}],"predecessor-version":[{"id":14252,"href":"https:\/\/backenmitminis.de\/en\/wp-json\/wp\/v2\/posts\/1459\/revisions\/14252"}],"wp:featuredmedia":[{"embeddable":true,"href":"https:\/\/backenmitminis.de\/en\/wp-json\/wp\/v2\/media\/1499"}],"wp:attachment":[{"href":"https:\/\/backenmitminis.de\/en\/wp-json\/wp\/v2\/media?parent=1459"}],"wp:term":[{"taxonomy":"category","embeddable":true,"href":"https:\/\/backenmitminis.de\/en\/wp-json\/wp\/v2\/categories?post=1459"},{"taxonomy":"post_tag","embeddable":true,"href":"https:\/\/backenmitminis.de\/en\/wp-json\/wp\/v2\/tags?post=1459"}],"curies":[{"name":"wp","href":"https:\/\/api.w.org\/{rel}","templated":true}]}}