{"id":15891,"date":"2025-10-12T06:00:00","date_gmt":"2025-10-12T04:00:00","guid":{"rendered":"https:\/\/backenmitminis.de\/?p=15891"},"modified":"2025-10-10T18:31:16","modified_gmt":"2025-10-10T16:31:16","slug":"liebstes-herbstrezept-blogparade","status":"publish","type":"post","link":"https:\/\/backenmitminis.de\/en\/2025\/10\/12\/liebstes-herbstrezept-blogparade\/","title":{"rendered":"Your Favorite Fall Recipe \u2013 Join My Fall Blog Parade!"},"content":{"rendered":"<div id=\"ez-toc-container\" class=\"ez-toc-v2_0_82_2 counter-hierarchy ez-toc-counter ez-toc-grey ez-toc-container-direction\">\n<div class=\"ez-toc-title-container\">\n<p class=\"ez-toc-title\" style=\"cursor:inherit\">Table of content<\/p>\n<span class=\"ez-toc-title-toggle\"><a href=\"#\" class=\"ez-toc-pull-right ez-toc-btn ez-toc-btn-xs ez-toc-btn-default ez-toc-toggle\" aria-label=\"Toggle Table of Content\"><span class=\"ez-toc-js-icon-con\"><span class=\"\"><span class=\"eztoc-hide\" style=\"display:none;\">Toggle<\/span><span class=\"ez-toc-icon-toggle-span\"><svg style=\"fill: #e879ea;color:#e879ea\" xmlns=\"http:\/\/www.w3.org\/2000\/svg\" class=\"list-377408\" width=\"20px\" height=\"20px\" viewbox=\"0 0 24 24\" fill=\"none\"><path d=\"M6 6H4v2h2V6zm14 0H8v2h12V6zM4 11h2v2H4v-2zm16 0H8v2h12v-2zM4 16h2v2H4v-2zm16 0H8v2h12v-2z\" fill=\"currentColor\"><\/path><\/svg><svg style=\"fill: #e879ea;color:#e879ea\" class=\"arrow-unsorted-368013\" xmlns=\"http:\/\/www.w3.org\/2000\/svg\" width=\"10px\" height=\"10px\" viewbox=\"0 0 24 24\" version=\"1.2\" baseprofile=\"tiny\"><path d=\"M18.2 9.3l-6.2-6.3-6.2 6.3c-.2.2-.3.4-.3.7s.1.5.3.7c.2.2.4.3.7.3h11c.3 0 .5-.1.7-.3.2-.2.3-.5.3-.7s-.1-.5-.3-.7zM5.8 14.7l6.2 6.3 6.2-6.3c.2-.2.3-.5.3-.7s-.1-.5-.3-.7c-.2-.2-.4-.3-.7-.3h-11c-.3 0-.5.1-.7.3-.2.2-.3.5-.3.7s.1.5.3.7z\"\/><\/svg><\/span><\/span><\/span><\/a><\/span><\/div>\n<nav><ul class='ez-toc-list ez-toc-list-level-1' ><li class='ez-toc-page-1 ez-toc-heading-level-2'><a class=\"ez-toc-link ez-toc-heading-1\" href=\"https:\/\/backenmitminis.de\/en\/2025\/10\/12\/liebstes-herbstrezept-blogparade\/#Lieblingsrezepte_fur_den_Herbst_%E2%80%93_Tradition_trifft_Genuss\" >Favorite Fall Recipes \u2013 Where Tradition Meets Flavor<\/a><\/li><li class='ez-toc-page-1 ez-toc-heading-level-2'><a class=\"ez-toc-link ez-toc-heading-2\" href=\"https:\/\/backenmitminis.de\/en\/2025\/10\/12\/liebstes-herbstrezept-blogparade\/#Mitmachen_bei_der_Blogparade_%E2%80%9EMein_liebstes_Herbstrezept%E2%80%9C\" >Join the Blog Parade \u201cMy Favorite Fall Recipe\u201d<\/a><\/li><li class='ez-toc-page-1 ez-toc-heading-level-2'><a class=\"ez-toc-link ez-toc-heading-3\" href=\"https:\/\/backenmitminis.de\/en\/2025\/10\/12\/liebstes-herbstrezept-blogparade\/#Was_ist_eine_Blogparade\" >What Is a Blog Parade?<\/a><\/li><li class='ez-toc-page-1 ez-toc-heading-level-2'><a class=\"ez-toc-link ez-toc-heading-4\" href=\"https:\/\/backenmitminis.de\/en\/2025\/10\/12\/liebstes-herbstrezept-blogparade\/#Wie_nimmst_du_an_der_Blogparade_teil\" >How to Join the Blog Parade<\/a><\/li><li class='ez-toc-page-1 ez-toc-heading-level-2'><a class=\"ez-toc-link ez-toc-heading-5\" href=\"https:\/\/backenmitminis.de\/en\/2025\/10\/12\/liebstes-herbstrezept-blogparade\/#So_machst_du_mit\" >How to Take Part<\/a><\/li><li class='ez-toc-page-1 ez-toc-heading-level-2'><a class=\"ez-toc-link ez-toc-heading-6\" href=\"https:\/\/backenmitminis.de\/en\/2025\/10\/12\/liebstes-herbstrezept-blogparade\/#Deadline_und_Abschluss\" >Deadline and Wrap-Up<\/a><\/li><li class='ez-toc-page-1 ez-toc-heading-level-2'><a class=\"ez-toc-link ez-toc-heading-7\" href=\"https:\/\/backenmitminis.de\/en\/2025\/10\/12\/liebstes-herbstrezept-blogparade\/#Auf_gehts\" >Let\u2019s Go!<\/a><\/li><li class='ez-toc-page-1 ez-toc-heading-level-2'><a class=\"ez-toc-link ez-toc-heading-8\" href=\"https:\/\/backenmitminis.de\/en\/2025\/10\/12\/liebstes-herbstrezept-blogparade\/#So_forderst_du_deine_Kinder_beim_Backen\" >How to encourage your children to bake<\/a><\/li><\/ul><\/nav><\/div>\n\n<p><em>Fall is here! Join my 2025 fall blog parade and share your favorite fall recipe. Whether sweet, savory, or creative\u2014let's enjoy fall together!<\/em><\/p>\n\n\n\n<p>The leaves are turning the most beautiful colors, apples and pumpkins are being harvested everywhere, and the days are slowly getting shorter. There\u2019s no denying it anymore \u2013 autumn is here! \nAnd with it comes the craving for apple pie, plum jam, pumpkin soup, and other cozy seasonal treats. <\/p>\n\n\n\n<p>It\u2019s the perfect time to bake, cook, and enjoy together with family and friends!<\/p>\n\n\n\n<h2 class=\"wp-block-heading\"><span class=\"ez-toc-section\" id=\"Lieblingsrezepte_fur_den_Herbst_%E2%80%93_Tradition_trifft_Genuss\"><\/span>Favorite Fall Recipes \u2013 Where Tradition Meets Flavor<span class=\"ez-toc-section-end\"><\/span><\/h2>\n\n\n\n<p><strong>Which recipe do you look forward to every autumn?\nAre there dishes that have been passed down from your grandparents to your parents \u2013 and that your own children now love too?\nOr maybe you like to use leftovers from Halloween pumpkin carving or freshly picked apples from the garden to create something new in the kitchen?<\/strong><\/p>\n\n\n\n<p>Whether your recipe is traditional or experimental, sweet or savory, baked or no-bake \u2013 I can\u2019t wait to see what you prepare each fall and warmly invite you to join my Autumn Blog Parade 2025!<\/p>\n\n\n\n<figure class=\"wp-block-image size-large\"><img loading=\"lazy\" decoding=\"async\" width=\"768\" height=\"1024\" src=\"https:\/\/backenmitminis.de\/wp-content\/uploads\/2024\/10\/Kuerbis-Schokobroetchen-Hefebroetchen-Backen-mit-Minis-4-min-768x1024.jpg\" alt=\"K\u00fcrbis-Schokobr\u00f6tchen - k\u00f6stliche Fr\u00fchst\u00fccksbr\u00f6tchen im Herbst (Blogparade Liebstes Herbstrezept)\" class=\"wp-image-13250\" srcset=\"https:\/\/backenmitminis.de\/wp-content\/uploads\/2024\/10\/Kuerbis-Schokobroetchen-Hefebroetchen-Backen-mit-Minis-4-min-768x1024.jpg 768w, https:\/\/backenmitminis.de\/wp-content\/uploads\/2024\/10\/Kuerbis-Schokobroetchen-Hefebroetchen-Backen-mit-Minis-4-min-225x300.jpg 225w, https:\/\/backenmitminis.de\/wp-content\/uploads\/2024\/10\/Kuerbis-Schokobroetchen-Hefebroetchen-Backen-mit-Minis-4-min-1152x1536.jpg 1152w, https:\/\/backenmitminis.de\/wp-content\/uploads\/2024\/10\/Kuerbis-Schokobroetchen-Hefebroetchen-Backen-mit-Minis-4-min-1536x2048.jpg 1536w, https:\/\/backenmitminis.de\/wp-content\/uploads\/2024\/10\/Kuerbis-Schokobroetchen-Hefebroetchen-Backen-mit-Minis-4-min-600x800.jpg 600w, https:\/\/backenmitminis.de\/wp-content\/uploads\/2024\/10\/Kuerbis-Schokobroetchen-Hefebroetchen-Backen-mit-Minis-4-min-scaled.jpg 1920w\" sizes=\"auto, (max-width: 768px) 100vw, 768px\" \/><\/figure>\n\n\n\n<h2 class=\"wp-block-heading\"><span class=\"ez-toc-section\" id=\"Mitmachen_bei_der_Blogparade_%E2%80%9EMein_liebstes_Herbstrezept%E2%80%9C\"><\/span>Join the Blog Parade \u201cMy Favorite Fall Recipe\u201d<span class=\"ez-toc-section-end\"><\/span><\/h2>\n\n\n\n<p>I\u2019m excited to invite you to take part in my Fall Blog Parade 2025!<br>The theme is: \u201cWhat\u2019s your favorite fall recipe?\u201d<\/p>\n\n\n\n<p>Whether it\u2019s apple cake, pumpkin bread, a hearty fall soup, baked apples, cinnamon rolls, or a new seasonal recipe with autumn veggies \u2013 I\u2019m curious which dish means \u201cpure autumn\u201d to you!<\/p>\n\n\n\n<p><a href=\"https:\/\/backenmitminis.de\/en\/2024\/10\/11\/liebstes-weihnachtsrezept-blogparade\/\" target=\"_blank\" rel=\"noreferrer noopener\">Last year, during my very first blog parade, we shared our favorite Christmas recipes, and the results were amazing!<\/a> The stories and recipes were heartfelt and inspiring. <a href=\"http:\/\/(Im letzten Jahr haben wir gemeinsam unsere liebsten Weihnachtsrezepte ausgetauscht! Die Rezepte und Geschichten von euch zu lesen, war einfach sch\u00f6n... und lecker!)\" target=\"_blank\" rel=\"noreferrer noopener\">At the end of the parade, I published a roundup post featuring all the submitted recipes<\/a> so everyone could browse and get inspired \u2013 it was such a success!<br>This time, I\u2019ll again publish a final roundup post with all participating entries, so everyone can leisurely explore all the delicious fall recipes.<\/p>\n\n\n\n<h2 class=\"wp-block-heading\"><span class=\"ez-toc-section\" id=\"Was_ist_eine_Blogparade\"><\/span>What Is a Blog Parade?<span class=\"ez-toc-section-end\"><\/span><\/h2>\n\n\n\n<p>A blog parade is a fun way for bloggers to connect and collaborate.\nEveryone writes a blog post on a shared topic \u2013 in our case, \u201cWhat\u2019s your favorite fall recipe?\u201d \u2013 and then we all link our posts together. <\/p>\n\n\n\n<p>This creates an inspiring collection of posts centered around <strong>autumn cuisine<\/strong> \u2013 from <strong>cozy baking ideas to comforting soups and sweet desserts<\/strong>.<\/p>\n\n\n\n<figure class=\"wp-block-image size-large\"><img loading=\"lazy\" decoding=\"async\" width=\"777\" height=\"1024\" src=\"https:\/\/backenmitminis.de\/wp-content\/uploads\/2025\/10\/Pilzplaetzchen-13-777x1024.jpg\" alt=\"Herbstliche Pilzpl\u00e4tzchen sind wunderbar f\u00fcr das Backen mit Kindern im Herbst.  (Blogparade Liebstes Herbstrezept)\" class=\"wp-image-15851\" srcset=\"https:\/\/backenmitminis.de\/wp-content\/uploads\/2025\/10\/Pilzplaetzchen-13-777x1024.jpg 777w, https:\/\/backenmitminis.de\/wp-content\/uploads\/2025\/10\/Pilzplaetzchen-13-228x300.jpg 228w, https:\/\/backenmitminis.de\/wp-content\/uploads\/2025\/10\/Pilzplaetzchen-13-768x1012.jpg 768w, https:\/\/backenmitminis.de\/wp-content\/uploads\/2025\/10\/Pilzplaetzchen-13-1165x1536.jpg 1165w, https:\/\/backenmitminis.de\/wp-content\/uploads\/2025\/10\/Pilzplaetzchen-13-1554x2048.jpg 1554w, https:\/\/backenmitminis.de\/wp-content\/uploads\/2025\/10\/Pilzplaetzchen-13-9x12.jpg 9w, https:\/\/backenmitminis.de\/wp-content\/uploads\/2025\/10\/Pilzplaetzchen-13-600x791.jpg 600w, https:\/\/backenmitminis.de\/wp-content\/uploads\/2025\/10\/Pilzplaetzchen-13-scaled.jpg 1942w\" sizes=\"auto, (max-width: 777px) 100vw, 777px\" \/><\/figure>\n\n\n\n<h2 class=\"wp-block-heading\"><span class=\"ez-toc-section\" id=\"Wie_nimmst_du_an_der_Blogparade_teil\"><\/span>How to Join the Blog Parade<span class=\"ez-toc-section-end\"><\/span><\/h2>\n\n\n\n<p><strong>Write a post on your blog about your favorite fall recipe and tell us why it\u2019s special to you.\nLink to this Blog Parade invitation post within your article and share the link to your blog post in the comments section below, so it can be found easily.<\/strong><\/p>\n\n\n\n<p>I\u2019ll read, comment on, and regularly share all submitted posts on my Instagram account.\nAt the end of the parade, I\u2019ll publish a roundup post featuring all the linked recipes. It\u2019s going to be so delicious!<\/p>\n\n\n\n<h2 class=\"wp-block-heading\"><span class=\"ez-toc-section\" id=\"So_machst_du_mit\"><\/span>How to Take Part<span class=\"ez-toc-section-end\"><\/span><\/h2>\n\n\n\n<ol class=\"wp-block-list\">\n<li><strong>Write a blog post about your favorite fall recipe.<\/strong>\u00a0Tell us why this recipe is essential for you in autumn, what makes it special, or why you\u2019ve always wanted to try it.<\/li>\n\n\n\n<li><strong>Link to this Blog Parade post within your article.<\/strong>\u00a0That way, others will discover the parade and can join in, too.<\/li>\n\n\n\n<li><strong>Publish your post and leave a comment below this article<\/strong>&nbsp;with a short note and a link to your post.<\/li>\n\n\n\n<li><em>(Optional)<\/em>\u00a0Use the hashtag #meinliebstesherbstrezept and tag me on Instagram at @backen_mit_minis so we can spread the word and discover even more wonderful fall recipes together.<\/li>\n<\/ol>\n\n\n\n<h2 class=\"wp-block-heading\"><span class=\"ez-toc-section\" id=\"Deadline_und_Abschluss\"><\/span>Deadline and Wrap-Up<span class=\"ez-toc-section-end\"><\/span><\/h2>\n\n\n\n<p>The Fall Blog Parade 2025 ends on Sunday, November 23, 2025.\nBy then, your blog post should be published and linked in the comments section below.\n\nI can\u2019t wait to see all your delicious fall recipes and read the stories behind them!<\/p>\n\n\n\n<h2 class=\"wp-block-heading\"><span class=\"ez-toc-section\" id=\"Auf_gehts\"><\/span>Let\u2019s Go!<span class=\"ez-toc-section-end\"><\/span><\/h2>\n\n\n\n<p>I\u2019d love for as many bloggers as possible to join this cozy autumn blog parade!\nFeel free to share this post on your social media channels so more bloggers can discover this fun fall event and participate.\n\nI\u2019m so excited to read your post and see what you\u2019re cooking or baking this season!<\/p>\n\n\n\n<p>Fun Fact <a href=\"https:\/\/backenmitminis.de\/en\/2025\/10\/09\/to-want-liste-2025\/\" target=\"_blank\" rel=\"noreferrer noopener\">With this Blog Parade invitation, I\u2019m checking off one of the goals on my \u201cTo-Want List\u201d for Q4 2025<\/a>\u2013 and I\u2019m thrilled!\nThank you so much for joining me on this journey and helping make this goal come true.<\/p>\n\n\n\n<p>Here\u2019s to a delicious fall full of favorite recipes and cozy moments!<\/p>\n\n\n\n<p>Sweet greetings,<\/p>\n\n\n\n<p>Lia<\/p>\n\n\n\n<p><a class=\"rank-math-link\" href=\"https:\/\/www.bloglovin.com\/blog\/20361335\/?claim=phszf373afc\" target=\"_blank\" rel=\"noopener\">Follow my blog with Bloglovin<\/a><\/p>\n\n\n\n<h2 class=\"has-text-color wp-block-heading\" style=\"color:#e879ea\"><strong>BAKING NEWS \u2013 The most delicious thing right in your inbox?<\/strong><\/h2>\n\n\n\n<p>Sign up for our newsletter and be the first to hear about colorful recipe ideas, easy baking hacks and upcoming baking promotions!<\/p>\n\n\n\n<div class=\"wp-block-buttons is-layout-flex wp-block-buttons-is-layout-flex\">\n<div class=\"wp-block-button aligncenter is-style-fill\"><a class=\"wp-block-button__link has-background\" href=\"http:\/\/eepurl.com\/h5wP89\" style=\"background-color:#e879ea\" target=\"_blank\" rel=\"noopener\">Register now for BAKING NEWS!<\/a><\/div>\n<\/div>\n\n\n\n<p> <\/p>\n\n\n\n<div class=\"wp-block-media-text is-stacked-on-mobile\"><figure class=\"wp-block-media-text__media\"><img loading=\"lazy\" decoding=\"async\" width=\"569\" height=\"1024\" src=\"https:\/\/backenmitminis.de\/wp-content\/uploads\/2025\/09\/Backtipps-4_blog-569x1024.jpg\" alt=\"Backtipps f\u00fcr das Backen mit Kindern\" class=\"wp-image-15715 size-full\" srcset=\"https:\/\/backenmitminis.de\/wp-content\/uploads\/2025\/09\/Backtipps-4_blog-569x1024.jpg 569w, https:\/\/backenmitminis.de\/wp-content\/uploads\/2025\/09\/Backtipps-4_blog-167x300.jpg 167w, https:\/\/backenmitminis.de\/wp-content\/uploads\/2025\/09\/Backtipps-4_blog-768x1382.jpg 768w, https:\/\/backenmitminis.de\/wp-content\/uploads\/2025\/09\/Backtipps-4_blog-853x1536.jpg 853w, https:\/\/backenmitminis.de\/wp-content\/uploads\/2025\/09\/Backtipps-4_blog-7x12.jpg 7w, https:\/\/backenmitminis.de\/wp-content\/uploads\/2025\/09\/Backtipps-4_blog-600x1080.jpg 600w, https:\/\/backenmitminis.de\/wp-content\/uploads\/2025\/09\/Backtipps-4_blog.jpg 1000w\" sizes=\"auto, (max-width: 569px) 100vw, 569px\" \/><\/figure><div class=\"wp-block-media-text__content\">\n<h2 class=\"wp-block-heading has-text-align-center\"><span class=\"ez-toc-section\" id=\"So_forderst_du_deine_Kinder_beim_Backen\"><\/span>How to encourage your children to bake<span class=\"ez-toc-section-end\"><\/span><\/h2>\n\n\n\n<p class=\"has-text-align-center\">Baking with children is much more than just a delicious treat that can be enjoyed together!<\/p>\n\n\n\n<p class=\"has-text-align-center\">By baking with your child, you'll teach them many valuable things! Learn more about this in my blog post: <strong><a href=\"https:\/\/backenmitminis.de\/en\/2020\/03\/06\/backen-mit-kindern-foerdert-kinder\/\" target=\"_blank\" rel=\"noreferrer noopener\">How to encourage your children to bake!<\/a><\/strong><\/p>\n\n\n\n<p class=\"has-text-align-center\">To make baking a wonderful, shared experience for you and your little ones, you'll find tips for stress-free baking in the following blog posts: <\/p>\n\n\n\n<ul class=\"wp-block-list\">\n<li><a href=\"https:\/\/backenmitminis.de\/en\/2021\/07\/02\/tipps-fur-das-backen-mit-kindern\/\" target=\"_blank\" rel=\"noreferrer noopener\">My tips for baking with children<\/a><\/li>\n\n\n\n<li><a href=\"https:\/\/backenmitminis.de\/en\/2020\/06\/05\/backen-mit-kindern-welche-aufgaben\/\" target=\"_blank\" rel=\"noreferrer noopener\">Baking tasks for children aged 2 and over<\/a><\/li>\n\n\n\n<li><a href=\"https:\/\/backenmitminis.de\/en\/2023\/09\/15\/sicherheit-beim-backen-mit-kindern\/\" target=\"_blank\" rel=\"noreferrer noopener\">Safety when baking with children<\/a><\/li>\n\n\n\n<li><a href=\"https:\/\/backenmitminis.de\/en\/2023\/02\/24\/mein-backtipps\/\" target=\"_blank\" rel=\"noreferrer noopener\">Q &amp; A about baking <\/a><\/li>\n<\/ul>\n\n\n\n<p class=\"has-text-align-center\">Have fun baking! Yours Lia!<\/p>\n<\/div><\/div>","protected":false},"excerpt":{"rendered":"<p>Autumn is here! Join my autumn blog parade 2025 and share your favorite autumn recipe. Whether sweet, savory, or creative \u2013 let's enjoy autumn together! The leaves on the trees are changing color\u2026 <\/p>","protected":false},"author":1,"featured_media":15900,"comment_status":"open","ping_status":"open","sticky":false,"template":"","format":"standard","meta":{"wprm-recipe-roundup-name":"","wprm-recipe-roundup-description":"","footnotes":""},"categories":[181,680,17],"tags":[96,46],"class_list":["post-15891","post","type-post","status-publish","format-standard","has-post-thumbnail","hentry","category-blog","category-persoenliches","category-rezepte","tag-herbstrezept","tag-spass-foerderung"],"_links":{"self":[{"href":"https:\/\/backenmitminis.de\/en\/wp-json\/wp\/v2\/posts\/15891","targetHints":{"allow":["GET"]}}],"collection":[{"href":"https:\/\/backenmitminis.de\/en\/wp-json\/wp\/v2\/posts"}],"about":[{"href":"https:\/\/backenmitminis.de\/en\/wp-json\/wp\/v2\/types\/post"}],"author":[{"embeddable":true,"href":"https:\/\/backenmitminis.de\/en\/wp-json\/wp\/v2\/users\/1"}],"replies":[{"embeddable":true,"href":"https:\/\/backenmitminis.de\/en\/wp-json\/wp\/v2\/comments?post=15891"}],"version-history":[{"count":3,"href":"https:\/\/backenmitminis.de\/en\/wp-json\/wp\/v2\/posts\/15891\/revisions"}],"predecessor-version":[{"id":15910,"href":"https:\/\/backenmitminis.de\/en\/wp-json\/wp\/v2\/posts\/15891\/revisions\/15910"}],"wp:featuredmedia":[{"embeddable":true,"href":"https:\/\/backenmitminis.de\/en\/wp-json\/wp\/v2\/media\/15900"}],"wp:attachment":[{"href":"https:\/\/backenmitminis.de\/en\/wp-json\/wp\/v2\/media?parent=15891"}],"wp:term":[{"taxonomy":"category","embeddable":true,"href":"https:\/\/backenmitminis.de\/en\/wp-json\/wp\/v2\/categories?post=15891"},{"taxonomy":"post_tag","embeddable":true,"href":"https:\/\/backenmitminis.de\/en\/wp-json\/wp\/v2\/tags?post=15891"}],"curies":[{"name":"wp","href":"https:\/\/api.w.org\/{rel}","templated":true}]}}